{"id":21,"date":"2007-12-22T20:51:22","date_gmt":"2007-12-22T19:51:22","guid":{"rendered":"http:\/\/blog.brimbelle.org\/index.php\/2007\/12\/22\/la-saison-de-ski-20072008-commence\/"},"modified":"2009-08-22T10:33:34","modified_gmt":"2009-08-22T09:33:34","slug":"la-saison-de-ski-20072008-commence","status":"publish","type":"post","link":"https:\/\/blog.brimbelle.org\/index.php\/2007\/12\/22\/la-saison-de-ski-20072008-commence\/","title":{"rendered":"La saison de ski 2007\/2008 commence ;)"},"content":{"rendered":"<p><a href=\"\/wp-content\/uploads\/ski_la_bresse_12_2007.JPG\" onclick=\"ps_imagemanager_popup(this.href,'ski_la_bresse_12_2007.JPG','1280','1024');return false\" onfocus=\"this.blur()\"\t  rel=\"lightbox[21]\"><img loading=\"lazy\" decoding=\"async\" src=\"\/wp-content\/uploads\/.thumbs\/.ski_la_bresse_12_2007.JPG\" alt=\"ski_la_bresse_12_2007.JPG\" title=\"ski_la_bresse_12_2007.JPG\" align=\"left\" width=\"96\" height=\"77\" hspace=\"10\" border=\"0\" \/><\/a>Bien loin des stations bond\u00e9es des alpes et des montagnes savoyardes, les montagnes vosgiennes d\u00e9butent doucement mais s\u00fbrement la saison. On ne peut \u00eatre qu&rsquo;\u00e9merveill\u00e9 par un si beau paysage&#8230; D&rsquo;autant plus que la neige est excellente.<\/p>\n<p><!--more--><\/p>\n<p>Consultez les webcams des stations vosgiennes :<\/p>\n<ul>\n<li><a href=\"http:\/\/www.webcam-ski.fr\/interfaces\/labresse\/interface.php?pk_interface=28&#038;m=images&#038;r=panoramique\">La Bresse<\/a><\/li>\n<li><a href=\"http:\/\/www.gerardmer-ski.com\/index.php?p=16\">G\u00e9rardmer<\/a><\/li>\n<li><a href=\"http:\/\/www.frerejo.com\/fr\/webcam.html\">Ventron<\/a><\/li>\n<\/ul>\n","protected":false},"excerpt":{"rendered":"<p>Bien loin des stations bond\u00e9es des alpes et des montagnes savoyardes, les montagnes vosgiennes d\u00e9butent doucement mais s\u00fbrement la saison. On ne peut \u00eatre qu&rsquo;\u00e9merveill\u00e9 par un si beau paysage&#8230; D&rsquo;autant plus que la neige est excellente.<\/p>\n","protected":false},"author":2,"featured_media":0,"comment_status":"open","ping_status":"closed","sticky":false,"template":"","format":"standard","meta":{"footnotes":""},"categories":[1],"tags":[77,78,80,79,75,72,76,73,81,74],"class_list":["post-21","post","type-post","status-publish","format-standard","hentry","category-informations-personnelles","tag-77","tag-78","tag-gerardmer","tag-la-bresse","tag-neige","tag-saison","tag-ski","tag-stations","tag-ventron","tag-vosges"],"_links":{"self":[{"href":"https:\/\/blog.brimbelle.org\/index.php\/wp-json\/wp\/v2\/posts\/21","targetHints":{"allow":["GET"]}}],"collection":[{"href":"https:\/\/blog.brimbelle.org\/index.php\/wp-json\/wp\/v2\/posts"}],"about":[{"href":"https:\/\/blog.brimbelle.org\/index.php\/wp-json\/wp\/v2\/types\/post"}],"author":[{"embeddable":true,"href":"https:\/\/blog.brimbelle.org\/index.php\/wp-json\/wp\/v2\/users\/2"}],"replies":[{"embeddable":true,"href":"https:\/\/blog.brimbelle.org\/index.php\/wp-json\/wp\/v2\/comments?post=21"}],"version-history":[{"count":0,"href":"https:\/\/blog.brimbelle.org\/index.php\/wp-json\/wp\/v2\/posts\/21\/revisions"}],"wp:attachment":[{"href":"https:\/\/blog.brimbelle.org\/index.php\/wp-json\/wp\/v2\/media?parent=21"}],"wp:term":[{"taxonomy":"category","embeddable":true,"href":"https:\/\/blog.brimbelle.org\/index.php\/wp-json\/wp\/v2\/categories?post=21"},{"taxonomy":"post_tag","embeddable":true,"href":"https:\/\/blog.brimbelle.org\/index.php\/wp-json\/wp\/v2\/tags?post=21"}],"curies":[{"name":"wp","href":"https:\/\/api.w.org\/{rel}","templated":true}]}}