{"id":45,"date":"2009-03-10T20:32:04","date_gmt":"2009-03-10T19:32:04","guid":{"rendered":"http:\/\/blog.brimbelle.org\/?p=45"},"modified":"2009-08-22T10:39:05","modified_gmt":"2009-08-22T09:39:05","slug":"in-picon-we-trust","status":"publish","type":"post","link":"https:\/\/blog.brimbelle.org\/index.php\/2009\/03\/10\/in-picon-we-trust\/","title":{"rendered":"In Picon we trust"},"content":{"rendered":"<p><a onclick=\"ps_imagemanager_popup(this.href,'Ski001.JPG','80','53');return false\" href=\"\/wp-content\/uploads\/Ski001.JPG\" onfocus=\"this.blur()\" rel=\"lightbox[45]\"><img loading=\"lazy\" decoding=\"async\" title=\"Ski001.JPG\" src=\"\/wp-content\/uploads\/.thumbs\/.Ski001.JPG\" border=\"0\" alt=\"Ski001.JPG\" hspace=\"10\" width=\"96\" height=\"64\" align=\"left\" \/><\/a>Apr\u00e8s plusieurs ann\u00e9es sans trop de neige, les Vosges sont \u00e0 nouveau tr\u00e8s g\u00e2t\u00e9es par le temps, et la neige. Profitant probablement de la meilleure journ\u00e9e de la saison, ce samedi 7 mars fut m\u00e9morable que ce soit par le temps ou la qualit\u00e9 et la quantit\u00e9 de neige.<\/p>\n<p>La saison derni\u00e8re, j&rsquo;avais parl\u00e9 de la station de G\u00e9rardmer, je propose maintenant quelques photos de La Bresse.<\/p>\n<p><!--more--><\/p>\n<p align=\"center\"><a onclick=\"ps_imagemanager_popup(this.href,'Ski002.JPG','53','80');return false\" href=\"\/wp-content\/uploads\/Ski002.JPG\" onfocus=\"this.blur()\" rel=\"lightbox[45]\"><img loading=\"lazy\" decoding=\"async\" title=\"Ski002.JPG\" src=\"\/wp-content\/uploads\/.thumbs\/.Ski002.JPG\" border=\"0\" alt=\"Ski002.JPG\" hspace=\"10\" width=\"64\" height=\"96\" align=\"bottom\" \/><\/a><a onclick=\"ps_imagemanager_popup(this.href,'Ski003.JPG','53','80');return false\" href=\"\/wp-content\/uploads\/Ski003.JPG\" onfocus=\"this.blur()\" rel=\"lightbox[45]\"><img loading=\"lazy\" decoding=\"async\" title=\"Ski003.JPG\" src=\"\/wp-content\/uploads\/.thumbs\/.Ski003.JPG\" border=\"0\" alt=\"Ski003.JPG\" hspace=\"10\" width=\"64\" height=\"96\" align=\"bottom\" \/><\/a><a onclick=\"ps_imagemanager_popup(this.href,'Ski004.JPG','53','80');return false\" href=\"\/wp-content\/uploads\/Ski004.JPG\" onfocus=\"this.blur()\" rel=\"lightbox[45]\"><img loading=\"lazy\" decoding=\"async\" title=\"Ski004.JPG\" src=\"\/wp-content\/uploads\/.thumbs\/.Ski004.JPG\" border=\"0\" alt=\"Ski004.JPG\" hspace=\"10\" width=\"64\" height=\"96\" align=\"bottom\" \/><\/a><\/p>\n","protected":false},"excerpt":{"rendered":"<p>Apr\u00e8s plusieurs ann\u00e9es sans trop de neige, les Vosges sont \u00e0 nouveau tr\u00e8s g\u00e2t\u00e9es par le temps, et la neige. Profitant probablement de la meilleure journ\u00e9e de la saison, ce samedi 7 mars fut m\u00e9morable que ce soit par le temps ou la qualit\u00e9 et la quantit\u00e9 de neige. La saison derni\u00e8re, j&rsquo;avais parl\u00e9 de [&hellip;]<\/p>\n","protected":false},"author":2,"featured_media":0,"comment_status":"open","ping_status":"closed","sticky":false,"template":"","format":"standard","meta":{"footnotes":""},"categories":[1],"tags":[80,79,75,76,101,74],"class_list":["post-45","post","type-post","status-publish","format-standard","hentry","category-informations-personnelles","tag-gerardmer","tag-la-bresse","tag-neige","tag-ski","tag-station","tag-vosges"],"_links":{"self":[{"href":"https:\/\/blog.brimbelle.org\/index.php\/wp-json\/wp\/v2\/posts\/45","targetHints":{"allow":["GET"]}}],"collection":[{"href":"https:\/\/blog.brimbelle.org\/index.php\/wp-json\/wp\/v2\/posts"}],"about":[{"href":"https:\/\/blog.brimbelle.org\/index.php\/wp-json\/wp\/v2\/types\/post"}],"author":[{"embeddable":true,"href":"https:\/\/blog.brimbelle.org\/index.php\/wp-json\/wp\/v2\/users\/2"}],"replies":[{"embeddable":true,"href":"https:\/\/blog.brimbelle.org\/index.php\/wp-json\/wp\/v2\/comments?post=45"}],"version-history":[{"count":0,"href":"https:\/\/blog.brimbelle.org\/index.php\/wp-json\/wp\/v2\/posts\/45\/revisions"}],"wp:attachment":[{"href":"https:\/\/blog.brimbelle.org\/index.php\/wp-json\/wp\/v2\/media?parent=45"}],"wp:term":[{"taxonomy":"category","embeddable":true,"href":"https:\/\/blog.brimbelle.org\/index.php\/wp-json\/wp\/v2\/categories?post=45"},{"taxonomy":"post_tag","embeddable":true,"href":"https:\/\/blog.brimbelle.org\/index.php\/wp-json\/wp\/v2\/tags?post=45"}],"curies":[{"name":"wp","href":"https:\/\/api.w.org\/{rel}","templated":true}]}}